{"id":264,"date":"2022-05-20T18:21:37","date_gmt":"2022-05-20T18:21:37","guid":{"rendered":"https:\/\/kiju-asseln.de\/?p=264"},"modified":"2022-05-20T18:21:37","modified_gmt":"2022-05-20T18:21:37","slug":"maifeier","status":"publish","type":"post","link":"https:\/\/kiju-asseln.de\/?p=264","title":{"rendered":"Maifeier"},"content":{"rendered":"\n<p>AWO, F\u00f6rderverein Marie-Juchacz-Haus und Kinder- und Jugendf\u00f6rderungswerk (KiJu) in Asseln\/Husen\/Kurl ehrten am Samstag, 07.05 2022, im Rahmen der traditionellen Maifeier auf dem Asselner Marie-Juchacz-Platz in der Flegelstr. ihre langj\u00e4hrigen Mitglieder.<\/p>\n\n\n\n<p>25 Jahre Mitglied beim Kinder- und Jugendf\u00f6rderungswerk (KiJu) ist Ilonka&nbsp;Witt.<\/p>\n\n\n\n<p>Unter anderem mit einer Torwand, einem Bastelstand und einer Buttonmaschine sorgte das KiJu f\u00fcr die Unterhaltung der j\u00fcngeren G\u00e4ste.<\/p>\n\n\n\n<p><\/p>\n\n\n\n<p><\/p>\n","protected":false},"excerpt":{"rendered":"<p>AWO, F\u00f6rderverein Marie-Juchacz-Haus und Kinder- und Jugendf\u00f6rderungswerk (KiJu) in Asseln\/Husen\/Kurl ehrten am Samstag, 07.05 2022, im Rahmen der traditionellen Maifeier auf dem Asselner Marie-Juchacz-Platz in der Flegelstr. ihre langj\u00e4hrigen Mitglieder. 25 Jahre Mitglied beim Kinder- und Jugendf\u00f6rderungswerk (KiJu) ist Ilonka&nbsp;Witt. Unter anderem mit einer Torwand, einem Bastelstand und einer Buttonmaschine sorgte das KiJu f\u00fcr die &hellip; <a href=\"https:\/\/kiju-asseln.de\/?p=264\" class=\"more-link\"><span class=\"screen-reader-text\">Maifeier<\/span> weiterlesen<\/a><\/p>\n","protected":false},"author":1,"featured_media":263,"comment_status":"open","ping_status":"open","sticky":false,"template":"","format":"standard","meta":{"footnotes":""},"categories":[1],"tags":[],"class_list":["post-264","post","type-post","status-publish","format-standard","has-post-thumbnail","hentry","category-aktuelles"],"_links":{"self":[{"href":"https:\/\/kiju-asseln.de\/index.php?rest_route=\/wp\/v2\/posts\/264","targetHints":{"allow":["GET"]}}],"collection":[{"href":"https:\/\/kiju-asseln.de\/index.php?rest_route=\/wp\/v2\/posts"}],"about":[{"href":"https:\/\/kiju-asseln.de\/index.php?rest_route=\/wp\/v2\/types\/post"}],"author":[{"embeddable":true,"href":"https:\/\/kiju-asseln.de\/index.php?rest_route=\/wp\/v2\/users\/1"}],"replies":[{"embeddable":true,"href":"https:\/\/kiju-asseln.de\/index.php?rest_route=%2Fwp%2Fv2%2Fcomments&post=264"}],"version-history":[{"count":1,"href":"https:\/\/kiju-asseln.de\/index.php?rest_route=\/wp\/v2\/posts\/264\/revisions"}],"predecessor-version":[{"id":266,"href":"https:\/\/kiju-asseln.de\/index.php?rest_route=\/wp\/v2\/posts\/264\/revisions\/266"}],"wp:featuredmedia":[{"embeddable":true,"href":"https:\/\/kiju-asseln.de\/index.php?rest_route=\/wp\/v2\/media\/263"}],"wp:attachment":[{"href":"https:\/\/kiju-asseln.de\/index.php?rest_route=%2Fwp%2Fv2%2Fmedia&parent=264"}],"wp:term":[{"taxonomy":"category","embeddable":true,"href":"https:\/\/kiju-asseln.de\/index.php?rest_route=%2Fwp%2Fv2%2Fcategories&post=264"},{"taxonomy":"post_tag","embeddable":true,"href":"https:\/\/kiju-asseln.de\/index.php?rest_route=%2Fwp%2Fv2%2Ftags&post=264"}],"curies":[{"name":"wp","href":"https:\/\/api.w.org\/{rel}","templated":true}]}}