{"id":295,"date":"2022-08-29T17:56:47","date_gmt":"2022-08-29T17:56:47","guid":{"rendered":"https:\/\/kiju-asseln.de\/?p=295"},"modified":"2022-09-21T08:30:40","modified_gmt":"2022-09-21T08:30:40","slug":"flohmarkt-in-asseln-ein-erfolg","status":"publish","type":"post","link":"https:\/\/kiju-asseln.de\/?p=295","title":{"rendered":"Flohmarkt in Asseln ein Erfolg"},"content":{"rendered":"\n<figure class=\"wp-block-image size-full\"><img loading=\"lazy\" decoding=\"async\" width=\"512\" height=\"288\" src=\"https:\/\/kiju-asseln.de\/wp-content\/uploads\/2022\/08\/FlohAsselnPlatz22.jpg\" alt=\"\" class=\"wp-image-294\" srcset=\"https:\/\/kiju-asseln.de\/wp-content\/uploads\/2022\/08\/FlohAsselnPlatz22.jpg 512w, https:\/\/kiju-asseln.de\/wp-content\/uploads\/2022\/08\/FlohAsselnPlatz22-300x169.jpg 300w\" sizes=\"auto, (max-width: 512px) 100vw, 512px\" \/><\/figure>\n\n\n\n<p>Im 30. Jahr seit Gr\u00fcndung des Kinder- und Jugendf\u00f6rderungswerk e.V. (KiJu) gibt es einige Angebote speziell f\u00fcr Kinder und Familien. Den Anfang machte am Sonntag, den 28.08,.22, der Kinder &#8211; Kram &#8211; Flohmarkt auf dem Marie-Juchacz-Platz vor der Asselner Begegnungsst\u00e4tte.<\/p>\n\n\n\n<p>Bei idealem Wetter fanden sich 22 Aussteller und \u00fcber 150 Besucher\/innen ein, um an den prall gef\u00fcllten St\u00e4nden zu erkunden, ob sich das eine oder andere Teil f\u00fcr die eigenen Kinder oder Enkel finden l\u00e4sst.<\/p>\n\n\n\n<p>Die Vorsitzende des KiJu, Daniela Schl\u00fcter, und der AWO-K\u00fcchenchef Giovanni stemmten allein diesen Flohmarkt, zu dem es neben Kaffee und k\u00fchlen Getr\u00e4nken auch vor Ort gebackenen Waffelln gab.<\/p>\n\n\n\n<p>Viele Aussteller waren sehr froh, endlich wieder vor Ort an einem Flohmarkt teilnehmen zu k\u00f6nnen.<\/p>\n","protected":false},"excerpt":{"rendered":"<p>Im 30. Jahr seit Gr\u00fcndung des Kinder- und Jugendf\u00f6rderungswerk e.V. (KiJu) gibt es einige Angebote speziell f\u00fcr Kinder und Familien. Den Anfang machte am Sonntag, den 28.08,.22, der Kinder &#8211; Kram &#8211; Flohmarkt auf dem Marie-Juchacz-Platz vor der Asselner Begegnungsst\u00e4tte. Bei idealem Wetter fanden sich 22 Aussteller und \u00fcber 150 Besucher\/innen ein, um an den &hellip; <a href=\"https:\/\/kiju-asseln.de\/?p=295\" class=\"more-link\"><span class=\"screen-reader-text\">Flohmarkt in Asseln ein Erfolg<\/span> weiterlesen<\/a><\/p>\n","protected":false},"author":1,"featured_media":0,"comment_status":"open","ping_status":"open","sticky":false,"template":"","format":"standard","meta":{"footnotes":""},"categories":[1],"tags":[],"class_list":["post-295","post","type-post","status-publish","format-standard","hentry","category-aktuelles"],"_links":{"self":[{"href":"https:\/\/kiju-asseln.de\/index.php?rest_route=\/wp\/v2\/posts\/295","targetHints":{"allow":["GET"]}}],"collection":[{"href":"https:\/\/kiju-asseln.de\/index.php?rest_route=\/wp\/v2\/posts"}],"about":[{"href":"https:\/\/kiju-asseln.de\/index.php?rest_route=\/wp\/v2\/types\/post"}],"author":[{"embeddable":true,"href":"https:\/\/kiju-asseln.de\/index.php?rest_route=\/wp\/v2\/users\/1"}],"replies":[{"embeddable":true,"href":"https:\/\/kiju-asseln.de\/index.php?rest_route=%2Fwp%2Fv2%2Fcomments&post=295"}],"version-history":[{"count":2,"href":"https:\/\/kiju-asseln.de\/index.php?rest_route=\/wp\/v2\/posts\/295\/revisions"}],"predecessor-version":[{"id":308,"href":"https:\/\/kiju-asseln.de\/index.php?rest_route=\/wp\/v2\/posts\/295\/revisions\/308"}],"wp:attachment":[{"href":"https:\/\/kiju-asseln.de\/index.php?rest_route=%2Fwp%2Fv2%2Fmedia&parent=295"}],"wp:term":[{"taxonomy":"category","embeddable":true,"href":"https:\/\/kiju-asseln.de\/index.php?rest_route=%2Fwp%2Fv2%2Fcategories&post=295"},{"taxonomy":"post_tag","embeddable":true,"href":"https:\/\/kiju-asseln.de\/index.php?rest_route=%2Fwp%2Fv2%2Ftags&post=295"}],"curies":[{"name":"wp","href":"https:\/\/api.w.org\/{rel}","templated":true}]}}